{"id":3291,"date":"2025-12-12T15:24:08","date_gmt":"2025-12-12T14:24:08","guid":{"rendered":"https:\/\/prepasecu.fr\/?p=3291"},"modified":"2025-12-29T13:50:28","modified_gmt":"2025-12-29T12:50:28","slug":"naturalisation-par-decret-conditions-delais-et-procedure-en-2026","status":"publish","type":"post","link":"https:\/\/prepasecu.fr\/naturalisation\/naturalisation-decret-conditions-delais-procedure","title":{"rendered":"Naturalisation par d\u00e9cret : conditions, d\u00e9lais et proc\u00e9dure en 2026"},"content":{"rendered":"\n<p>La naturalisation par d\u00e9cret est la voie la plus utilis\u00e9e pour devenir fran\u00e7ais lorsqu\u2019aucune autre proc\u00e9dure (mariage, filiation, r\u00e9int\u00e9gration) n\u2019est applicable. Elle repose sur une appr\u00e9ciation globale de la situation du demandeur : r\u00e9sidence stable, int\u00e9gration, ma\u00eetrise de la langue fran\u00e7aise et comportement compatible avec la qualit\u00e9 de citoyen.<\/p>\n\n\n\n<p>Depuis 2026, cette exigence d\u2019assimilation s\u2019inscrit \u00e9galement dans un cadre plus formalis\u00e9 avec la mise en place de l\u2019<a href=\"https:\/\/prepasecu.fr\/naturalisation\/examen-civique-guide-naturalisation\" title=\"Examen civique 2026 : guide complet pour la naturalisation\">examen civique<\/a>. Cet examen, distinct de l\u2019entretien de naturalisation, vise \u00e0 v\u00e9rifier de mani\u00e8re standardis\u00e9e la connaissance des valeurs de la R\u00e9publique, des institutions fran\u00e7aises ainsi que des droits et devoirs du citoyen.<\/p>\n\n\n\n<p>Cette voie est encadr\u00e9e par les articles 21-15 et suivants du Code civil, qui d\u00e9finissent les conditions de r\u00e9sidence, de langue, d\u2019assimilation et de comportement.<\/p>\n\n\n\n<p>L\u2019objectif de cet article est d\u2019expliquer les crit\u00e8res, les d\u00e9lais et les \u00e9tapes de la naturalisation par d\u00e9cret en 2026.<\/p>\n\n\n<figure class=\"wp-block-post-featured-image\"><img loading=\"lazy\" decoding=\"async\" width=\"800\" height=\"600\" src=\"https:\/\/prepasecu.fr\/wp-content\/uploads\/2025\/12\/Naturalisation-par-decret.png\" class=\"attachment-post-thumbnail size-post-thumbnail wp-post-image\" alt=\"\" style=\"object-fit:cover;\" srcset=\"https:\/\/prepasecu.fr\/wp-content\/uploads\/2025\/12\/Naturalisation-par-decret.png 800w, https:\/\/prepasecu.fr\/wp-content\/uploads\/2025\/12\/Naturalisation-par-decret-300x225.png 300w, https:\/\/prepasecu.fr\/wp-content\/uploads\/2025\/12\/Naturalisation-par-decret-768x576.png 768w, https:\/\/prepasecu.fr\/wp-content\/uploads\/2025\/12\/Naturalisation-par-decret-702x526.png 702w\" sizes=\"(max-width: 800px) 100vw, 800px\" \/><\/figure>\n\n\n<div id=\"ez-toc-container\" class=\"ez-toc-v2_0_50 counter-hierarchy ez-toc-counter ez-toc-grey ez-toc-container-direction\">\n<div class=\"ez-toc-title-container\">\n<p class=\"ez-toc-title\">Sommaire<\/p>\n<span class=\"ez-toc-title-toggle\"><a href=\"#\" class=\"ez-toc-pull-right ez-toc-btn ez-toc-btn-xs ez-toc-btn-default ez-toc-toggle\" aria-label=\"Toggle Table of Content\" role=\"button\"><label for=\"item-69f05092715ab\" aria-hidden=\"true\"><span style=\"display: flex;align-items: center;width: 35px;height: 30px;justify-content: center;direction:ltr;\"><svg style=\"fill: #999;color:#999\" xmlns=\"http:\/\/www.w3.org\/2000\/svg\" class=\"list-377408\" width=\"20px\" height=\"20px\" viewBox=\"0 0 24 24\" fill=\"none\"><path d=\"M6 6H4v2h2V6zm14 0H8v2h12V6zM4 11h2v2H4v-2zm16 0H8v2h12v-2zM4 16h2v2H4v-2zm16 0H8v2h12v-2z\" fill=\"currentColor\"><\/path><\/svg><svg style=\"fill: #999;color:#999\" class=\"arrow-unsorted-368013\" xmlns=\"http:\/\/www.w3.org\/2000\/svg\" width=\"10px\" height=\"10px\" viewBox=\"0 0 24 24\" version=\"1.2\" baseProfile=\"tiny\"><path d=\"M18.2 9.3l-6.2-6.3-6.2 6.3c-.2.2-.3.4-.3.7s.1.5.3.7c.2.2.4.3.7.3h11c.3 0 .5-.1.7-.3.2-.2.3-.5.3-.7s-.1-.5-.3-.7zM5.8 14.7l6.2 6.3 6.2-6.3c.2-.2.3-.5.3-.7s-.1-.5-.3-.7c-.2-.2-.4-.3-.7-.3h-11c-.3 0-.5.1-.7.3-.2.2-.3.5-.3.7s.1.5.3.7z\"\/><\/svg><\/span><\/label><input  type=\"checkbox\" id=\"item-69f05092715ab\"><\/a><\/span><\/div>\n<nav><ul class='ez-toc-list ez-toc-list-level-1 ' ><li class='ez-toc-page-1 ez-toc-heading-level-2'><a class=\"ez-toc-link ez-toc-heading-1\" href=\"https:\/\/prepasecu.fr\/naturalisation\/naturalisation-decret-conditions-delais-procedure\/#Qu%E2%80%99est-ce_que_la_naturalisation_par_decret\" title=\"Qu\u2019est-ce que la naturalisation par d\u00e9cret ?\">Qu\u2019est-ce que la naturalisation par d\u00e9cret ?<\/a><\/li><li class='ez-toc-page-1 ez-toc-heading-level-2'><a class=\"ez-toc-link ez-toc-heading-2\" href=\"https:\/\/prepasecu.fr\/naturalisation\/naturalisation-decret-conditions-delais-procedure\/#Conditions_pour_obtenir_la_naturalisation_par_decret_en_2026\" title=\"Conditions pour obtenir la naturalisation par d\u00e9cret en 2026\">Conditions pour obtenir la naturalisation par d\u00e9cret en 2026<\/a><ul class='ez-toc-list-level-3'><li class='ez-toc-heading-level-3'><a class=\"ez-toc-link ez-toc-heading-3\" href=\"https:\/\/prepasecu.fr\/naturalisation\/naturalisation-decret-conditions-delais-procedure\/#Condition_de_residence_en_France\" title=\"Condition de r\u00e9sidence en France\">Condition de r\u00e9sidence en France<\/a><\/li><li class='ez-toc-page-1 ez-toc-heading-level-3'><a class=\"ez-toc-link ez-toc-heading-4\" href=\"https:\/\/prepasecu.fr\/naturalisation\/naturalisation-decret-conditions-delais-procedure\/#Situation_administrative\" title=\"Situation administrative\">Situation administrative<\/a><\/li><li class='ez-toc-page-1 ez-toc-heading-level-3'><a class=\"ez-toc-link ez-toc-heading-5\" href=\"https:\/\/prepasecu.fr\/naturalisation\/naturalisation-decret-conditions-delais-procedure\/#Integration_dans_la_societe_francaise\" title=\"Int\u00e9gration dans la soci\u00e9t\u00e9 fran\u00e7aise\">Int\u00e9gration dans la soci\u00e9t\u00e9 fran\u00e7aise<\/a><\/li><li class='ez-toc-page-1 ez-toc-heading-level-3'><a class=\"ez-toc-link ez-toc-heading-6\" href=\"https:\/\/prepasecu.fr\/naturalisation\/naturalisation-decret-conditions-delais-procedure\/#Maitrise_de_la_langue_francaise\" title=\"Ma\u00eetrise de la langue fran\u00e7aise\">Ma\u00eetrise de la langue fran\u00e7aise<\/a><\/li><li class='ez-toc-page-1 ez-toc-heading-level-3'><a class=\"ez-toc-link ez-toc-heading-7\" href=\"https:\/\/prepasecu.fr\/naturalisation\/naturalisation-decret-conditions-delais-procedure\/#Stabilite_professionnelle_et_ressources\" title=\"Stabilit\u00e9 professionnelle et ressources\">Stabilit\u00e9 professionnelle et ressources<\/a><\/li><li class='ez-toc-page-1 ez-toc-heading-level-3'><a class=\"ez-toc-link ez-toc-heading-8\" href=\"https:\/\/prepasecu.fr\/naturalisation\/naturalisation-decret-conditions-delais-procedure\/#Comportement_et_absence_de_condamnations_incompatibles\" title=\"Comportement et absence de condamnations incompatibles\">Comportement et absence de condamnations incompatibles<\/a><\/li><\/ul><\/li><li class='ez-toc-page-1 ez-toc-heading-level-2'><a class=\"ez-toc-link ez-toc-heading-9\" href=\"https:\/\/prepasecu.fr\/naturalisation\/naturalisation-decret-conditions-delais-procedure\/#Documents_necessaires_pour_constituer_un_dossier_complet\" title=\"Documents n\u00e9cessaires pour constituer un dossier complet\">Documents n\u00e9cessaires pour constituer un dossier complet<\/a><\/li><li class='ez-toc-page-1 ez-toc-heading-level-2'><a class=\"ez-toc-link ez-toc-heading-10\" href=\"https:\/\/prepasecu.fr\/naturalisation\/naturalisation-decret-conditions-delais-procedure\/#Comment_deposer_une_demande_de_naturalisation_par_decret\" title=\"Comment d\u00e9poser une demande de naturalisation par d\u00e9cret ?\">Comment d\u00e9poser une demande de naturalisation par d\u00e9cret ?<\/a><ul class='ez-toc-list-level-3'><li class='ez-toc-heading-level-3'><a class=\"ez-toc-link ez-toc-heading-11\" href=\"https:\/\/prepasecu.fr\/naturalisation\/naturalisation-decret-conditions-delais-procedure\/#Depot_du_dossier_via_l%E2%80%99ANEF\" title=\"D\u00e9p\u00f4t du dossier via l\u2019ANEF\">D\u00e9p\u00f4t du dossier via l\u2019ANEF<\/a><\/li><li class='ez-toc-page-1 ez-toc-heading-level-3'><a class=\"ez-toc-link ez-toc-heading-12\" href=\"https:\/\/prepasecu.fr\/naturalisation\/naturalisation-decret-conditions-delais-procedure\/#Etapes_apres_le_depot\" title=\"\u00c9tapes apr\u00e8s le d\u00e9p\u00f4t\">\u00c9tapes apr\u00e8s le d\u00e9p\u00f4t<\/a><\/li><\/ul><\/li><li class='ez-toc-page-1 ez-toc-heading-level-2'><a class=\"ez-toc-link ez-toc-heading-13\" href=\"https:\/\/prepasecu.fr\/naturalisation\/naturalisation-decret-conditions-delais-procedure\/#L%E2%80%99entretien_de_naturalisation_deroulement_et_objectifs\" title=\"L\u2019entretien de naturalisation : d\u00e9roulement et objectifs\">L\u2019entretien de naturalisation : d\u00e9roulement et objectifs<\/a><\/li><li class='ez-toc-page-1 ez-toc-heading-level-2'><a class=\"ez-toc-link ez-toc-heading-14\" href=\"https:\/\/prepasecu.fr\/naturalisation\/naturalisation-decret-conditions-delais-procedure\/#Delais_de_traitement_en_2026\" title=\"D\u00e9lais de traitement en 2026\">D\u00e9lais de traitement en 2026<\/a><\/li><li class='ez-toc-page-1 ez-toc-heading-level-2'><a class=\"ez-toc-link ez-toc-heading-15\" href=\"https:\/\/prepasecu.fr\/naturalisation\/naturalisation-decret-conditions-delais-procedure\/#Decision_du_ministere_de_l%E2%80%99Interieur\" title=\"D\u00e9cision du minist\u00e8re de l\u2019Int\u00e9rieur\">D\u00e9cision du minist\u00e8re de l\u2019Int\u00e9rieur<\/a><\/li><li class='ez-toc-page-1 ez-toc-heading-level-2'><a class=\"ez-toc-link ez-toc-heading-16\" href=\"https:\/\/prepasecu.fr\/naturalisation\/naturalisation-decret-conditions-delais-procedure\/#Que_faire_apres_l%E2%80%99obtention_de_la_naturalisation\" title=\"Que faire apr\u00e8s l\u2019obtention de la naturalisation ?\">Que faire apr\u00e8s l\u2019obtention de la naturalisation ?<\/a><\/li><li class='ez-toc-page-1 ez-toc-heading-level-2'><a class=\"ez-toc-link ez-toc-heading-17\" href=\"https:\/\/prepasecu.fr\/naturalisation\/naturalisation-decret-conditions-delais-procedure\/#A_retenir\" title=\"\u00c0 retenir\">\u00c0 retenir<\/a><\/li><\/ul><\/nav><\/div>\n<h2 class=\"wp-block-heading\"><span class=\"ez-toc-section\" id=\"Qu%E2%80%99est-ce_que_la_naturalisation_par_decret\"><\/span>Qu\u2019est-ce que la naturalisation par d\u00e9cret ?<span class=\"ez-toc-section-end\"><\/span><\/h2>\n\n\n\n<p>La naturalisation par d\u00e9cret correspond \u00e0 la d\u00e9cision du gouvernement accordant la nationalit\u00e9 fran\u00e7aise apr\u00e8s examen du dossier du demandeur, conform\u00e9ment \u00e0 l\u2019article 21-15 du Code civil (C. civ., art. 21-15).<\/p>\n\n\n\n<p>Contrairement \u00e0 l\u2019<a href=\"https:\/\/prepasecu.fr\/naturalisation\/naturalisation-mariage-conditions-delais-procedure\" title=\"Naturalisation par mariage : \u00e9tapes, d\u00e9lais et crit\u00e8res en 2026\">acquisition par mariage<\/a> (d\u00e9claration) ou par <a href=\"https:\/\/prepasecu.fr\/naturalisation\/naturalisation-ascendance-filiation-conditions-delais-procedure\" title=\"Naturalisation par ascendance ou filiation : conditions et d\u00e9marches en 2026\">filiation<\/a> (droit du sang), cette proc\u00e9dure laisse une marge d\u2019appr\u00e9ciation importante \u00e0 l\u2019administration. Le minist\u00e8re de l\u2019Int\u00e9rieur peut accepter, ajourner ou <a href=\"https:\/\/prepasecu.fr\/naturalisation\/refus-naturalisation-cause-solution\" title=\"Refus de naturalisation : causes fr\u00e9quentes et solutions possibles en 2026\">refuser une demande<\/a> en tenant compte du parcours personnel, familial et professionnel du candidat.<\/p>\n\n\n\n<h2 class=\"wp-block-heading\"><span class=\"ez-toc-section\" id=\"Conditions_pour_obtenir_la_naturalisation_par_decret_en_2026\"><\/span>Conditions pour obtenir la naturalisation par d\u00e9cret en 2026<span class=\"ez-toc-section-end\"><\/span><\/h2>\n\n\n\n<h3 class=\"wp-block-heading\"><span class=\"ez-toc-section\" id=\"Condition_de_residence_en_France\"><\/span>Condition de r\u00e9sidence en France<span class=\"ez-toc-section-end\"><\/span><\/h3>\n\n\n\n<p>La dur\u00e9e normale de r\u00e9sidence exig\u00e9e est de cinq ans, comme le pr\u00e9voit l\u2019article 21-17 du Code civil (C. civ., art. 21-17). Cette pr\u00e9sence doit \u00eatre continue, stable et justifi\u00e9e par des titres de s\u00e9jour valides.<\/p>\n\n\n\n<p>Le d\u00e9lai peut \u00eatre r\u00e9duit dans certaines situations, notamment pour les personnes ayant accompli avec succ\u00e8s deux ann\u00e9es d\u2019\u00e9tudes sup\u00e9rieures en France ou ayant rendu des services importants \u00e0 la France, conform\u00e9ment \u00e0 l\u2019article 21-18 (art. 21-18 C. civ.). Dans tous les cas, la r\u00e9sidence doit t\u00e9moigner d\u2019un v\u00e9ritable ancrage en France.<\/p>\n\n\n\n<h3 class=\"wp-block-heading\"><span class=\"ez-toc-section\" id=\"Situation_administrative\"><\/span>Situation administrative<span class=\"ez-toc-section-end\"><\/span><\/h3>\n\n\n\n<p>Le s\u00e9jour doit \u00eatre r\u00e9gulier au moment du d\u00e9p\u00f4t de la demande et rester conforme pendant toute l\u2019instruction. La nature du titre de s\u00e9jour varie selon les profils, mais une irr\u00e9gularit\u00e9, m\u00eame temporaire, peut entra\u00eener une impossibilit\u00e9 de d\u00e9poser la demande ou un ajournement.<\/p>\n\n\n\n<p>L&rsquo;administration v\u00e9rifie que le parcours administratif est coh\u00e9rent et continuellement l\u00e9gal.<\/p>\n\n\n\n<h3 class=\"wp-block-heading\"><span class=\"ez-toc-section\" id=\"Integration_dans_la_societe_francaise\"><\/span>Int\u00e9gration dans la soci\u00e9t\u00e9 fran\u00e7aise<span class=\"ez-toc-section-end\"><\/span><\/h3>\n\n\n\n<p>L\u2019article 21-24 du Code civil impose que le demandeur justifie de son assimilation \u00e0 la communaut\u00e9 fran\u00e7aise (C. civ., art. 21-24). Cette assimilation est appr\u00e9ci\u00e9e au regard de plusieurs \u00e9l\u00e9ments : respect des lois, insertion sociale, stabilit\u00e9 familiale, participation \u00e0 la vie \u00e9conomique et engagement dans la soci\u00e9t\u00e9 lors de l&rsquo;<a href=\"https:\/\/prepasecu.fr\/naturalisation\/entretien-assimilation\" title=\"Entretien d\u2019assimilation \u00e0 la nationalit\u00e9 fran\u00e7aise : d\u00e9roulement et pr\u00e9paration\">entretien d&rsquo;assimilation<\/a>.<\/p>\n\n\n\n<p>Le candidat doit \u00e9galement d\u00e9montrer son adh\u00e9sion aux valeurs de la R\u00e9publique, point souvent abord\u00e9 lors de l\u2019entretien de naturalisation.<\/p>\n\n\n\n<h3 class=\"wp-block-heading\"><span class=\"ez-toc-section\" id=\"Maitrise_de_la_langue_francaise\"><\/span>Ma\u00eetrise de la langue fran\u00e7aise<span class=\"ez-toc-section-end\"><\/span><\/h3>\n\n\n\n<p>La ma\u00eetrise du fran\u00e7ais au niveau B1, \u00e0 l\u2019oral comme \u00e0 l\u2019\u00e9crit, est exig\u00e9e conform\u00e9ment \u00e0 l\u2019article 21-24 du Code civil. Elle peut \u00eatre d\u00e9montr\u00e9e par un dipl\u00f4me d\u00e9livr\u00e9 en France ou par un test certifi\u00e9.<\/p>\n\n\n\n<p>Un niveau insuffisant ou un document non conforme peut conduire \u00e0 une demande de pi\u00e8ce compl\u00e9mentaire ou \u00e0 un ajournement.<\/p>\n\n\n\n<h3 class=\"wp-block-heading\"><span class=\"ez-toc-section\" id=\"Stabilite_professionnelle_et_ressources\"><\/span>Stabilit\u00e9 professionnelle et ressources<span class=\"ez-toc-section-end\"><\/span><\/h3>\n\n\n\n<p>La situation \u00e9conomique du demandeur est \u00e9tudi\u00e9e afin de v\u00e9rifier l\u2019existence de ressources r\u00e9guli\u00e8res, d\u00e9clar\u00e9es et compatibles avec son niveau de charges. L\u2019enjeu n\u2019est pas d\u2019avoir un revenu \u00e9lev\u00e9, mais de d\u00e9montrer une insertion professionnelle durable et un \u00e9quilibre \u00e9conomique.<\/p>\n\n\n\n<p>L\u2019administration s\u2019assure que les ressources proviennent d\u2019activit\u00e9s l\u00e9gales et que le parcours professionnel ne r\u00e9v\u00e8le pas d\u2019instabilit\u00e9 excessive.<\/p>\n\n\n\n<h3 class=\"wp-block-heading\"><span class=\"ez-toc-section\" id=\"Comportement_et_absence_de_condamnations_incompatibles\"><\/span>Comportement et absence de condamnations incompatibles<span class=\"ez-toc-section-end\"><\/span><\/h3>\n\n\n\n<p>Les casiers judiciaires fran\u00e7ais et \u00e9trangers sont consult\u00e9s. Des condamnations graves, r\u00e9centes ou r\u00e9p\u00e9t\u00e9es peuvent conduire \u00e0 un refus de naturalisation.<\/p>\n\n\n\n<p>M\u00eame sans condamnation, un comportement incompatible avec la dignit\u00e9 de la fonction citoyenne (fraudes, violences, manquements graves aux obligations) peut peser sur l\u2019appr\u00e9ciation globale.<\/p>\n\n\n\n<h2 class=\"wp-block-heading\"><span class=\"ez-toc-section\" id=\"Documents_necessaires_pour_constituer_un_dossier_complet\"><\/span>Documents n\u00e9cessaires pour constituer un dossier complet<span class=\"ez-toc-section-end\"><\/span><\/h2>\n\n\n\n<p>La demande repose sur un dossier comprenant des documents relatifs \u00e0 l\u2019identit\u00e9, \u00e0 l\u2019\u00e9tat civil, au s\u00e9jour, au domicile, aux ressources et \u00e0 la situation familiale. Les justificatifs doivent \u00eatre r\u00e9cents, lisibles et conformes aux exigences de l\u2019administration.<\/p>\n\n\n\n<p>Les documents \u00e9trangers doivent \u00eatre traduits par un traducteur asserment\u00e9 et, le cas \u00e9ch\u00e9ant, l\u00e9galis\u00e9s ou apostill\u00e9s. En fonction du profil du demandeur, des pi\u00e8ces compl\u00e9mentaires peuvent \u00eatre demand\u00e9es : preuves de vie commune, documents relatifs aux enfants, attestations professionnelles, justificatifs de dipl\u00f4mes.<\/p>\n\n\n\n<p>Un dossier clair, coh\u00e9rent et correctement scann\u00e9 facilite l\u2019instruction.<\/p>\n\n\n\n<h2 class=\"wp-block-heading\"><span class=\"ez-toc-section\" id=\"Comment_deposer_une_demande_de_naturalisation_par_decret\"><\/span>Comment d\u00e9poser une demande de naturalisation par d\u00e9cret ?<span class=\"ez-toc-section-end\"><\/span><\/h2>\n\n\n\n<h3 class=\"wp-block-heading\"><span class=\"ez-toc-section\" id=\"Depot_du_dossier_via_l%E2%80%99ANEF\"><\/span>D\u00e9p\u00f4t du dossier via l\u2019ANEF<span class=\"ez-toc-section-end\"><\/span><\/h3>\n\n\n\n<p>Depuis la g\u00e9n\u00e9ralisation de la plateforme ANEF, les demandes se d\u00e9posent exclusivement en ligne. Le candidat cr\u00e9e un compte, t\u00e9l\u00e9verse les pi\u00e8ces requises et suit l\u2019avancement via son espace personnel.<\/p>\n\n\n\n<p>Le respect des formats, de la qualit\u00e9 des documents et de la liste officielle des pi\u00e8ces est essentiel pour \u00e9viter les retards li\u00e9s \u00e0 des refus de pi\u00e8ces ou des demandes de compl\u00e9ments.<\/p>\n\n\n\n<h3 class=\"wp-block-heading\"><span class=\"ez-toc-section\" id=\"Etapes_apres_le_depot\"><\/span>\u00c9tapes apr\u00e8s le d\u00e9p\u00f4t<span class=\"ez-toc-section-end\"><\/span><\/h3>\n\n\n\n<p>Apr\u00e8s la soumission du dossier, l\u2019administration en v\u00e9rifie la compl\u00e9tude. Le demandeur peut recevoir une demande de compl\u00e9ments si des documents sont manquants, expir\u00e9s ou peu lisibles.<\/p>\n\n\n\n<p>Lorsque le dossier est d\u00e9clar\u00e9 complet, l\u2019instruction se poursuit et la pr\u00e9fecture peut convoquer le candidat \u00e0 un entretien.<\/p>\n\n\n\n<h2 class=\"wp-block-heading\"><span class=\"ez-toc-section\" id=\"L%E2%80%99entretien_de_naturalisation_deroulement_et_objectifs\"><\/span>L\u2019entretien de naturalisation : d\u00e9roulement et objectifs<span class=\"ez-toc-section-end\"><\/span><\/h2>\n\n\n\n<p>L\u2019entretien de naturalisation a plusieurs finalit\u00e9s : \u00e9valuer le niveau de fran\u00e7ais, v\u00e9rifier les informations fournies et appr\u00e9cier l\u2019int\u00e9gration du candidat.<\/p>\n\n\n\n<p>Les questions peuvent porter sur le fonctionnement des institutions, les droits et devoirs du citoyen, les valeurs de la R\u00e9publique, ainsi que sur le parcours personnel et professionnel du demandeur. Ces th\u00e9matiques recoupent en grande partie celles \u00e9valu\u00e9es lors de l\u2019examen civique. \u00c0 ce titre, un entra\u00eenement pr\u00e9alable \u00e0 l\u2019aide de <a href=\"https:\/\/prepasecu.fr\/examen-civique\/qcm\/entrainement\/gratuit\" title=\"QCM Examen civique en ligne\">QCM Examen civique<\/a> peut constituer un support utile pour r\u00e9viser les notions attendues, sans transformer l\u2019entretien en \u00e9preuve scolaire.<\/p>\n\n\n\n<p>Les questions peuvent porter sur le fonctionnement des institutions, les droits et devoirs du citoyen, les valeurs de la R\u00e9publique, ainsi que sur le parcours personnel et professionnel du demandeur.<\/p>\n\n\n\n<p>Cet \u00e9change permet d\u2019appr\u00e9cier la compr\u00e9hension du sens de la d\u00e9marche et l\u2019implication du candidat dans la soci\u00e9t\u00e9 fran\u00e7aise.<\/p>\n\n\n\n<h2 class=\"wp-block-heading\"><span class=\"ez-toc-section\" id=\"Delais_de_traitement_en_2026\"><\/span>D\u00e9lais de traitement en 2026<span class=\"ez-toc-section-end\"><\/span><\/h2>\n\n\n\n<p>Les d\u00e9lais varient selon les pr\u00e9fectures et la complexit\u00e9 du dossier. L\u2019instruction peut durer plusieurs mois.<\/p>\n\n\n\n<p>Les v\u00e9rifications d\u2019ant\u00e9c\u00e9dents judiciaires \u00e9trangers, les demandes de compl\u00e9ments ou la v\u00e9rification d\u2019actes d\u2019\u00e9tat civil peuvent allonger les d\u00e9lais. Le demandeur doit rester en situation r\u00e9guli\u00e8re pendant toute la proc\u00e9dure.<\/p>\n\n\n\n<h2 class=\"wp-block-heading\"><span class=\"ez-toc-section\" id=\"Decision_du_ministere_de_l%E2%80%99Interieur\"><\/span>D\u00e9cision du minist\u00e8re de l\u2019Int\u00e9rieur<span class=\"ez-toc-section-end\"><\/span><\/h2>\n\n\n\n<p>\u00c0 l\u2019issue de l\u2019instruction, trois d\u00e9cisions sont possibles :<\/p>\n\n\n\n<ul class=\"wp-block-list\">\n<li>L\u2019acceptation, mat\u00e9rialis\u00e9e par un d\u00e9cret de naturalisation publi\u00e9 au Journal officiel ;<\/li>\n\n\n\n<li>L\u2019ajournement, qui reporte la possibilit\u00e9 de pr\u00e9senter une nouvelle demande ;<\/li>\n\n\n\n<li>Le refus, lorsque les conditions ne sont pas r\u00e9unies ou que le comportement est jug\u00e9 incompatible.<\/li>\n<\/ul>\n\n\n\n<p>Des recours gracieux ou hi\u00e9rarchiques peuvent \u00eatre envisag\u00e9s, ainsi qu\u2019un recours contentieux selon les cas.<\/p>\n\n\n\n<h2 class=\"wp-block-heading\"><span class=\"ez-toc-section\" id=\"Que_faire_apres_l%E2%80%99obtention_de_la_naturalisation\"><\/span>Que faire apr\u00e8s l\u2019obtention de la naturalisation ?<span class=\"ez-toc-section-end\"><\/span><\/h2>\n\n\n\n<p>La naturalisation prend effet \u00e0 la date de publication du d\u00e9cret. Le demandeur doit ensuite demander l\u2019\u00e9tablissement d\u2019un acte de naissance fran\u00e7ais, ce qui lui permettra d\u2019obtenir une carte d\u2019identit\u00e9 ou un passeport fran\u00e7ais.<\/p>\n\n\n\n<p>Il doit \u00e9galement mettre \u00e0 jour ses informations aupr\u00e8s des organismes dont il d\u00e9pend (CAF, imp\u00f4ts, employeur, S\u00e9curit\u00e9 sociale).<\/p>\n\n\n\n<h2 class=\"wp-block-heading\"><span class=\"ez-toc-section\" id=\"A_retenir\"><\/span>\u00c0 retenir<span class=\"ez-toc-section-end\"><\/span><\/h2>\n\n\n\n<p>La naturalisation par d\u00e9cret repose sur une appr\u00e9ciation globale du parcours du demandeur : r\u00e9sidence stable, langue, int\u00e9gration, comportement, r\u00e9gularit\u00e9 administrative et coh\u00e9rence du dossier.<\/p>\n\n\n\n<p>Une pr\u00e9paration rigoureuse, associ\u00e9e \u00e0 une compr\u00e9hension claire des conditions et des \u00e9tapes, permet d\u2019aborder la proc\u00e9dure avec davantage de s\u00e9r\u00e9nit\u00e9.<\/p>\n","protected":false},"excerpt":{"rendered":"<p>La naturalisation par d\u00e9cret est la voie la plus utilis\u00e9e pour devenir fran\u00e7ais lorsqu\u2019aucune autre proc\u00e9dure (mariage, filiation, r\u00e9int\u00e9gration) n\u2019est applicable. Elle repose sur une appr\u00e9ciation globale de la situation du demandeur : r\u00e9sidence stable, int\u00e9gration, ma\u00eetrise de la langue fran\u00e7aise et comportement compatible avec la qualit\u00e9 de citoyen. Depuis 2026, cette exigence d\u2019assimilation s\u2019inscrit [&hellip;]<\/p>\n","protected":false},"author":1,"featured_media":3310,"comment_status":"open","ping_status":"open","sticky":false,"template":"","format":"standard","meta":{"_uag_custom_page_level_css":"","_genesis_hide_title":false,"_genesis_hide_breadcrumbs":false,"_genesis_hide_singular_image":false,"_genesis_hide_footer_widgets":false,"_genesis_custom_body_class":"","_genesis_custom_post_class":"","_genesis_layout":"","footnotes":""},"categories":[415],"tags":[],"class_list":{"0":"post-3291","1":"post","2":"type-post","3":"status-publish","4":"format-standard","5":"has-post-thumbnail","7":"category-naturalisation","8":"entry"},"aioseo_notices":[],"featured_image_src":"https:\/\/prepasecu.fr\/wp-content\/uploads\/2025\/12\/Naturalisation-par-decret-600x400.png","featured_image_src_square":"https:\/\/prepasecu.fr\/wp-content\/uploads\/2025\/12\/Naturalisation-par-decret-600x600.png","author_info":{"display_name":"Matthis","author_link":"https:\/\/prepasecu.fr\/?author=1"},"uagb_featured_image_src":{"full":["https:\/\/prepasecu.fr\/wp-content\/uploads\/2025\/12\/Naturalisation-par-decret.png",800,600,false],"thumbnail":["https:\/\/prepasecu.fr\/wp-content\/uploads\/2025\/12\/Naturalisation-par-decret-150x150.png",150,150,true],"medium":["https:\/\/prepasecu.fr\/wp-content\/uploads\/2025\/12\/Naturalisation-par-decret-300x225.png",300,225,true],"medium_large":["https:\/\/prepasecu.fr\/wp-content\/uploads\/2025\/12\/Naturalisation-par-decret-768x576.png",768,576,true],"large":["https:\/\/prepasecu.fr\/wp-content\/uploads\/2025\/12\/Naturalisation-par-decret.png",800,600,false],"1536x1536":["https:\/\/prepasecu.fr\/wp-content\/uploads\/2025\/12\/Naturalisation-par-decret.png",800,600,false],"2048x2048":["https:\/\/prepasecu.fr\/wp-content\/uploads\/2025\/12\/Naturalisation-par-decret.png",800,600,false],"sidebar-featured":["https:\/\/prepasecu.fr\/wp-content\/uploads\/2025\/12\/Naturalisation-par-decret-75x75.png",75,75,true],"genesis-singular-images":["https:\/\/prepasecu.fr\/wp-content\/uploads\/2025\/12\/Naturalisation-par-decret-702x526.png",702,526,true],"gb-block-post-grid-landscape":["https:\/\/prepasecu.fr\/wp-content\/uploads\/2025\/12\/Naturalisation-par-decret-600x400.png",600,400,true],"gb-block-post-grid-square":["https:\/\/prepasecu.fr\/wp-content\/uploads\/2025\/12\/Naturalisation-par-decret-600x600.png",600,600,true],"yarpp-thumbnail":["https:\/\/prepasecu.fr\/wp-content\/uploads\/2025\/12\/Naturalisation-par-decret-120x120.png",120,120,true]},"uagb_author_info":{"display_name":"Matthis","author_link":"https:\/\/prepasecu.fr\/?author=1"},"uagb_comment_info":9,"uagb_excerpt":"La naturalisation par d\u00e9cret est la voie la plus utilis\u00e9e pour devenir fran\u00e7ais lorsqu\u2019aucune autre proc\u00e9dure (mariage, filiation, r\u00e9int\u00e9gration) n\u2019est applicable. Elle repose sur une appr\u00e9ciation globale de la situation du demandeur : r\u00e9sidence stable, int\u00e9gration, ma\u00eetrise de la langue fran\u00e7aise et comportement compatible avec la qualit\u00e9 de citoyen. Depuis 2026, cette exigence d\u2019assimilation s\u2019inscrit\u2026","_links":{"self":[{"href":"https:\/\/prepasecu.fr\/index.php?rest_route=\/wp\/v2\/posts\/3291"}],"collection":[{"href":"https:\/\/prepasecu.fr\/index.php?rest_route=\/wp\/v2\/posts"}],"about":[{"href":"https:\/\/prepasecu.fr\/index.php?rest_route=\/wp\/v2\/types\/post"}],"author":[{"embeddable":true,"href":"https:\/\/prepasecu.fr\/index.php?rest_route=\/wp\/v2\/users\/1"}],"replies":[{"embeddable":true,"href":"https:\/\/prepasecu.fr\/index.php?rest_route=%2Fwp%2Fv2%2Fcomments&post=3291"}],"version-history":[{"count":9,"href":"https:\/\/prepasecu.fr\/index.php?rest_route=\/wp\/v2\/posts\/3291\/revisions"}],"predecessor-version":[{"id":3385,"href":"https:\/\/prepasecu.fr\/index.php?rest_route=\/wp\/v2\/posts\/3291\/revisions\/3385"}],"wp:featuredmedia":[{"embeddable":true,"href":"https:\/\/prepasecu.fr\/index.php?rest_route=\/wp\/v2\/media\/3310"}],"wp:attachment":[{"href":"https:\/\/prepasecu.fr\/index.php?rest_route=%2Fwp%2Fv2%2Fmedia&parent=3291"}],"wp:term":[{"taxonomy":"category","embeddable":true,"href":"https:\/\/prepasecu.fr\/index.php?rest_route=%2Fwp%2Fv2%2Fcategories&post=3291"},{"taxonomy":"post_tag","embeddable":true,"href":"https:\/\/prepasecu.fr\/index.php?rest_route=%2Fwp%2Fv2%2Ftags&post=3291"}],"curies":[{"name":"wp","href":"https:\/\/api.w.org\/{rel}","templated":true}]}}